{"id":5899,"date":"2024-05-24T07:50:29","date_gmt":"2024-05-24T05:50:29","guid":{"rendered":"https:\/\/www.observatoriotiamat.es\/?p=5899"},"modified":"2024-12-17T15:01:07","modified_gmt":"2024-12-17T13:01:07","slug":"video-promocional-tiamat-dia-europeu-parcs","status":"publish","type":"post","link":"https:\/\/www.observatoriotiamat.es\/ca\/video-promocional-tiamat-dia-europeu-parcs\/","title":{"rendered":"Llan\u00e7ament del v\u00eddeo promocional de l&#8217;Observatori TIAMAT en el Dia Europeu dels Parcs"},"content":{"rendered":"<p>Amb motiu del <a href=\"https:\/\/redeuroparc.org\/dia-europeo-de-los-parques\/#:~:text=La%20Federaci%C3%B3n%20EUROPARC%2C%20organizaci%C3%B3n%20paneuropea%20que%20a%C3%BAna%20a%2038%20pa%C3%ADses,hace%20m%C3%A1s%20de%20un%20siglo.\" target=\"_blank\" rel=\"noopener\">Dia Europeu dels Parcs<\/a>, l&#8217;<a href=\"https:\/\/www.observatoriotiamat.es\/ca\/\" target=\"_blank\" rel=\"noopener\">Observatori TIAMAT<\/a> llan\u00e7a un v\u00eddeo promocional (en espanyol) per ressaltar el seu paper crucial en la monitoritzaci\u00f3 i la protecci\u00f3 dels ecosistemes marins del Parc Nacional Maritimoterrestre de l&#8217;Arxip\u00e8lag de Cabrera, el Parque Nacional Mar\u00edtimo-Terrestre de las Islas Atl\u00e1nticas de Galicia i la zona del front mar\u00ed del Parque Nacional de Do\u00f1ana. Aquest llan\u00e7ament t\u00e9 lloc en una data emblem\u00e0tica, el 24 de maig, dia en qu\u00e8 es commemora la creaci\u00f3 dels primers parcs nacionals a Europa, una fita iniciada a Su\u00e8cia el 1909.<\/p>\n<p><iframe loading=\"lazy\" title=\"Observatorio TIAMAT: Observatorio marino del cambio global en la Red de Parques Nacionales\" width=\"640\" height=\"360\" src=\"https:\/\/www.youtube.com\/embed\/1_HoxsKihSg?feature=oembed\" frameborder=\"0\" allow=\"accelerometer; autoplay; clipboard-write; encrypted-media; gyroscope; picture-in-picture; web-share\" referrerpolicy=\"strict-origin-when-cross-origin\" allowfullscreen><\/iframe><\/p>\n<p>L&#8217;<a href=\"https:\/\/www.observatoriotiamat.es\/ca\/sobre-nosaltres\/\" target=\"_blank\" rel=\"noopener\">Observatori mar\u00ed del canvi global a la Xarxa de Parcs Nacionals<\/a> (Observatori TIAMAT) es dedica a l&#8217;observaci\u00f3 del canvi global en aquests ecosistemes marins, desenvolupant eines avan\u00e7ades que, fent \u00fas de la teledetecci\u00f3, permeten analitzar tend\u00e8ncies i detectar aviat esdeveniments climatol\u00f2gics extrems. Aquest enfocament no nom\u00e9s permet generar coneixement cient\u00edfic crucial sobre els riscos associats al canvi global, sin\u00f3 que tamb\u00e9 promou una gesti\u00f3 m\u00e9s efica\u00e7 i adaptativa dels parcs. A trav\u00e9s d&#8217;un seguiment continu i automatitzat de variables essencials, l&#8217;Observatori busca millorar la conservaci\u00f3 i la gesti\u00f3 d&#8217;aquestes \u00e0rees vitals, alhora que sensibilitza la societat sobre els reptes que enfronten aquests espais naturals en el context del canvi global.<\/p>\n<p>Aquest \u00e9s un projecte coordinat perper l\u2019Instituto de Ciencias Marinas de Andaluc\u00eda (<a href=\"http:\/\/www.icman.csic.es\/es\/\" target=\"_blank\" rel=\"noopener\">ICMAN-CSIC<\/a>), el Sistema d\u2019Observaci\u00f3 i Predicci\u00f3 Costaner de les Illes Balears (<a href=\"https:\/\/www.socib.es\/?language=ca_ES\" target=\"_blank\" rel=\"noopener\">ICTS SOCIB<\/a>) i l\u2019Instituto de Investigaciones Marinas de Vigo (<a href=\"https:\/\/www.iim.csic.es\/es\/node\/2156\" target=\"_blank\" rel=\"noopener\">IIM<\/a>), que compta amb el suport de l\u2019Organisme Aut\u00f2nom Parcs Nacionals depenent del Ministeri per a la Transici\u00f3 Ecol\u00f2gica i el Repte Demogr\u00e0fic (MITECO).<\/p>\n<h3>Sobre el Dia Europeu dels Parcs<\/h3>\n<p>Aquest dia es dedica a ressaltar la import\u00e0ncia dels parcs naturals com a santuaris de biodiversitat, espais d&#8217;educaci\u00f3 ambiental i \u00e0rees vitals per a la mitigaci\u00f3 del canvi clim\u00e0tic. Els parcs no nom\u00e9s conserven esp\u00e8cies en perill i protegeixen ecosistemes fr\u00e0gils, sin\u00f3 que tamb\u00e9 ofereixen un refugi perqu\u00e8 les persones es reconnectin amb la natura, tot fomentant estils de vida saludables i sostenibles.<\/p>\n<p>El v\u00eddeo promocional de TIAMAT es pot veure a l&#8217;enlla\u00e7 incl\u00f2s, convidant a tots i totes a descobrir i donar suport a la important tasca de conservaci\u00f3 que es duu a terme als Parcs Nacionals.<\/p>\n<p>Descobrir m\u00e9s sobre com contribueix TIAMAT a la conservaci\u00f3 dels parcs nacionals aqu\u00ed <a href=\"https:\/\/www.observatoriotiamat.es\/ca\/\" target=\"_blank\" rel=\"noopener\">https:\/\/www.observatoriotiamat.es\/ca\/<\/a>.<\/p>\n","protected":false},"excerpt":{"rendered":"<p>L&#8217;Observatori TIAMAT llan\u00e7a un v\u00eddeo promocional per ressaltar el seu paper crucial en la monitoritzaci\u00f3 i la protecci\u00f3 dels ecosistemes marins de la Xarxa de Parcs Nacionals, en el marc del Dia Europeu dels Parcs.<\/p>\n","protected":false},"author":4,"featured_media":4657,"comment_status":"closed","ping_status":"closed","sticky":false,"template":"","format":"standard","meta":{"_acf_changed":false,"footnotes":""},"categories":[28],"tags":[65,66,68,67,69,70,64,63],"class_list":["post-5899","post","type-post","status-publish","format-standard","has-post-thumbnail","hentry","category-tiamat-ca","tag-cambio-climatico-ca","tag-cambio-global-ca","tag-icman-csic-ca","tag-icts-socib-ca","tag-iim-ca","tag-miteco-ca","tag-observatorio-marino-ca","tag-tiamat-ca"],"acf":[],"_links":{"self":[{"href":"https:\/\/www.observatoriotiamat.es\/ca\/wp-json\/wp\/v2\/posts\/5899","targetHints":{"allow":["GET"]}}],"collection":[{"href":"https:\/\/www.observatoriotiamat.es\/ca\/wp-json\/wp\/v2\/posts"}],"about":[{"href":"https:\/\/www.observatoriotiamat.es\/ca\/wp-json\/wp\/v2\/types\/post"}],"author":[{"embeddable":true,"href":"https:\/\/www.observatoriotiamat.es\/ca\/wp-json\/wp\/v2\/users\/4"}],"replies":[{"embeddable":true,"href":"https:\/\/www.observatoriotiamat.es\/ca\/wp-json\/wp\/v2\/comments?post=5899"}],"version-history":[{"count":6,"href":"https:\/\/www.observatoriotiamat.es\/ca\/wp-json\/wp\/v2\/posts\/5899\/revisions"}],"predecessor-version":[{"id":6535,"href":"https:\/\/www.observatoriotiamat.es\/ca\/wp-json\/wp\/v2\/posts\/5899\/revisions\/6535"}],"wp:featuredmedia":[{"embeddable":true,"href":"https:\/\/www.observatoriotiamat.es\/ca\/wp-json\/wp\/v2\/media\/4657"}],"wp:attachment":[{"href":"https:\/\/www.observatoriotiamat.es\/ca\/wp-json\/wp\/v2\/media?parent=5899"}],"wp:term":[{"taxonomy":"category","embeddable":true,"href":"https:\/\/www.observatoriotiamat.es\/ca\/wp-json\/wp\/v2\/categories?post=5899"},{"taxonomy":"post_tag","embeddable":true,"href":"https:\/\/www.observatoriotiamat.es\/ca\/wp-json\/wp\/v2\/tags?post=5899"}],"curies":[{"name":"wp","href":"https:\/\/api.w.org\/{rel}","templated":true}]}}