{"id":5978,"date":"2024-06-25T14:18:28","date_gmt":"2024-06-25T12:18:28","guid":{"rendered":"https:\/\/www.observatoriotiamat.es\/?p=5978"},"modified":"2024-12-17T15:02:58","modified_gmt":"2024-12-17T13:02:58","slug":"aet-presentacio-eines","status":"publish","type":"post","link":"https:\/\/www.observatoriotiamat.es\/ca\/aet-presentacio-eines\/","title":{"rendered":"El XX Congreso de la Asociaci\u00f3n Espa\u00f1ola de Teledetecci\u00f3n (AET) acull la presentaci\u00f3 de les eines de l&#8217;Observatori TIAMAT"},"content":{"rendered":"<p>Del 4 al 7 de juny, el <span>\u00a0<\/span><a href=\"http:\/\/eo.csic.es\/aet2024\" target=\"_blank\" rel=\"noopener\">XX Congreso de la Asociaci\u00f3n Espa\u00f1ola de Teledetecci\u00f3n<\/a>, organitzat per<span>\u00a0l\u2019Instituto de Ciencias Marinas de Andaluc\u00eda (<\/span><a href=\"https:\/\/www.icman.csic.es\/\" target=\"_blank\" rel=\"noopener\">ICMAN-CSIC<\/a><span>) <\/span>i la Universidad de C\u00e1diz, ha acollit la presentaci\u00f3 de les <a href=\"https:\/\/apps.socib.es\/observatoriotiamat\" target=\"_blank\" rel=\"noopener\">eines d\u2019acc\u00e9s obert i gratu\u00eft<\/a> de l&#8217;<span>Observatori mar\u00ed del canvi global a la Xarxa de Parcs Nacionals (<\/span><a href=\"https:\/\/www.observatoriotiamat.es\/ca\/\" target=\"_blank\" rel=\"noopener\">Observatori TIAMAT<\/a><span>). <\/span>Aquestes eines <span>proporcionen informaci\u00f3 cont\u00ednua i actualitzada sobre l\u2019estat del mar i la seva variabilitat al\u00a0<\/span><a href=\"https:\/\/apps.socib.es\/observatoriotiamat\/cabrera\/\" target=\"_blank\" rel=\"noopener\">Parc Nacional Maritimoterrestre de l&#8217;Arxip\u00e8lag de Cabrera<\/a><span>, el\u00a0<\/span><a href=\"https:\/\/apps.socib.es\/observatoriotiamat\/islas-atlanticas\/\" target=\"_blank\" rel=\"noopener\">Parque Nacional Mar\u00edtimo-Terrestre de las Islas Atl\u00e1nticas de Galicia<\/a><span>\u00a0i la zona del front mar\u00ed del\u00a0<\/span><a href=\"https:\/\/apps.socib.es\/observatoriotiamat\/donana\/\" target=\"_blank\" rel=\"noopener\">Parque Nacional de Do\u00f1ana<\/a><span>.\u00a0<\/span><\/p>\n<p><span>L\u2019Observatori TIAMAT \u00e9s un projecte coordinat per l&#8217;<\/span>ICMAN-CSIC<span>, el Sistema d\u2019Observaci\u00f3 i Predicci\u00f3 Costaner de les Illes Balears (<\/span><a href=\"https:\/\/www.socib.es\/?language=ca_ES\" target=\"_blank\" rel=\"noopener\">ICTS SOCIB<\/a><span>) i l\u2019Instituto de Investigaciones Marinas de Vigo (<\/span><a href=\"https:\/\/iim.csic.es\/es\" target=\"_blank\" rel=\"noopener\">IIM-CSIC<\/a><span>). <\/span>Durant el congr\u00e9s, l&#8217;Observatori TIAMAT ha comptat amb un estand informatiu que ha servit com a punt de trobada per a les persones assistents interessades en aprofundir sobre les eines presentades i la seva aplicaci\u00f3 a la conservaci\u00f3 marina. Aquest espai ha facilitat l&#8217;intercanvi de coneixements i el di\u00e0leg sobre la import\u00e0ncia de la monitoritzaci\u00f3 i la gesti\u00f3 sostenible dels ecosistemes marins.<\/p>\n<figure id=\"attachment_5969\" aria-describedby=\"caption-attachment-5969\" style=\"width: 1024px\" class=\"wp-caption alignnone\"><img loading=\"lazy\" decoding=\"async\" class=\"wp-image-5969 size-large\" src=\"https:\/\/www.observatoriotiamat.es\/wp-content\/uploads\/2024\/06\/stand-tiamat-aet2024-1024x771.jpeg\" alt=\"Estand informatiu de l'Observatori TIAMAT durant el Congr\u00e9s AET 2024.\" width=\"1024\" height=\"771\" srcset=\"https:\/\/www.observatoriotiamat.es\/wp-content\/uploads\/2024\/06\/stand-tiamat-aet2024-1024x771.jpeg 1024w, https:\/\/www.observatoriotiamat.es\/wp-content\/uploads\/2024\/06\/stand-tiamat-aet2024-300x226.jpeg 300w, https:\/\/www.observatoriotiamat.es\/wp-content\/uploads\/2024\/06\/stand-tiamat-aet2024.jpeg 2040w\" sizes=\"auto, (max-width: 1024px) 100vw, 1024px\" \/><figcaption id=\"caption-attachment-5969\" class=\"wp-caption-text\">Estand informatiu de l&#8217;Observatori TIAMAT durant el Congr\u00e9s AET 2024.<\/figcaption><\/figure>\n<h3>Innovaci\u00f3 en la conservaci\u00f3 marina<\/h3>\n<p>El programa del congr\u00e9s AET 2024 ha incl\u00f2s el treball liderat per M\u00e9lanie Juza, investigadora de la ICTS SOCIB i responsable del desenvolupament de les eines de l&#8217;Observatori TIAMAT. Aquestes eines de seguiment i alerta davant d&#8217;esdeveniments oce\u00e0nics extrems utilitzen dades de sat\u00e8l\u00b7lit disponibles des de 1982, permetent monitoritzar de forma cont\u00ednua els sistemes naturals marins de la Xarxa de Parcs Nacionals per obtenir dades de temperatura, clorofil\u00b7la, nivell del mar i altres variables oce\u00e0niques essencials.<\/p>\n<p>Durant la presentaci\u00f3, Juza ha destacat que aquesta tecnologia facilita la vigil\u00e0ncia constant i la resposta immediata a esdeveniments extrems com les onades de calor marines, a m\u00e9s d&#8217;informar la planificaci\u00f3 a mitj\u00e0 i llarg termini davant del canvi global. D&#8217;aquesta manera, aquestes eines donen suport a la presa de decisions en la gesti\u00f3 sostenible basades en el coneixement, aix\u00ed com la conservaci\u00f3 de la biodiversitat i els ecosistemes marins als Parcs Nacionals.<\/p>\n<p>Gabriel Navarro, investigador a l&#8217;ICMAN-CSIC i l\u00edder del projecte, ha assenyalat que les necessitats i les funcionalitats d&#8217;aquestes eines s&#8217;han definit sota un enfocament participatiu en el marc d&#8217;un <a href=\"https:\/\/www.observatoriotiamat.es\/ca\/sobre-nosaltres\/\" target=\"_blank\" rel=\"noopener\">Panell de Consulta<\/a>, que involucra agents i col\u00b7lectius que aporten les seves percepcions, inquietuds i possibles solucions.<\/p>\n<p>Aquestes innovacions subratllaven el comprom\u00eds amb la protecci\u00f3 dels oceans i la gesti\u00f3 sostenible dels recursos marins, fonamentals per enfrontar els reptes del canvi clim\u00e0tic.<\/p>\n<p>Imatge: M\u00e9lanie Juza, investigadora de la ICTS SOCIB i responsable del desenvolupament de les eines de l&#8217;Observatori TIAMAT, durant la presentaci\u00f3 al Congr\u00e9s AET 2024.<\/p>\n","protected":false},"excerpt":{"rendered":"<p>Del 4 al 7 de juny, el Congr\u00e9s AET 2024 ha acollit la presentaci\u00f3 de les eines d&#8217;acc\u00e9s obert i gratu\u00eft de l&#8217;Observatori mar\u00ed del canvi global a la Xarxa de Parcs Nacionals (Observatori TIAMAT).<\/p>\n","protected":false},"author":4,"featured_media":5967,"comment_status":"closed","ping_status":"closed","sticky":false,"template":"","format":"standard","meta":{"_acf_changed":false,"footnotes":""},"categories":[28],"tags":[65,66,68,67,69,70,64,63],"class_list":["post-5978","post","type-post","status-publish","format-standard","has-post-thumbnail","hentry","category-tiamat-ca","tag-cambio-climatico-ca","tag-cambio-global-ca","tag-icman-csic-ca","tag-icts-socib-ca","tag-iim-ca","tag-miteco-ca","tag-observatorio-marino-ca","tag-tiamat-ca"],"acf":[],"_links":{"self":[{"href":"https:\/\/www.observatoriotiamat.es\/ca\/wp-json\/wp\/v2\/posts\/5978","targetHints":{"allow":["GET"]}}],"collection":[{"href":"https:\/\/www.observatoriotiamat.es\/ca\/wp-json\/wp\/v2\/posts"}],"about":[{"href":"https:\/\/www.observatoriotiamat.es\/ca\/wp-json\/wp\/v2\/types\/post"}],"author":[{"embeddable":true,"href":"https:\/\/www.observatoriotiamat.es\/ca\/wp-json\/wp\/v2\/users\/4"}],"replies":[{"embeddable":true,"href":"https:\/\/www.observatoriotiamat.es\/ca\/wp-json\/wp\/v2\/comments?post=5978"}],"version-history":[{"count":5,"href":"https:\/\/www.observatoriotiamat.es\/ca\/wp-json\/wp\/v2\/posts\/5978\/revisions"}],"predecessor-version":[{"id":6537,"href":"https:\/\/www.observatoriotiamat.es\/ca\/wp-json\/wp\/v2\/posts\/5978\/revisions\/6537"}],"wp:featuredmedia":[{"embeddable":true,"href":"https:\/\/www.observatoriotiamat.es\/ca\/wp-json\/wp\/v2\/media\/5967"}],"wp:attachment":[{"href":"https:\/\/www.observatoriotiamat.es\/ca\/wp-json\/wp\/v2\/media?parent=5978"}],"wp:term":[{"taxonomy":"category","embeddable":true,"href":"https:\/\/www.observatoriotiamat.es\/ca\/wp-json\/wp\/v2\/categories?post=5978"},{"taxonomy":"post_tag","embeddable":true,"href":"https:\/\/www.observatoriotiamat.es\/ca\/wp-json\/wp\/v2\/tags?post=5978"}],"curies":[{"name":"wp","href":"https:\/\/api.w.org\/{rel}","templated":true}]}}