{"id":6592,"date":"2025-06-05T10:52:06","date_gmt":"2025-06-05T08:52:06","guid":{"rendered":"https:\/\/www.observatoriotiamat.es\/?p=6592"},"modified":"2025-06-05T11:19:41","modified_gmt":"2025-06-05T09:19:41","slug":"exposicio-dia-medi-ambient","status":"publish","type":"post","link":"https:\/\/www.observatoriotiamat.es\/ca\/exposicio-dia-medi-ambient\/","title":{"rendered":"L&#8217;Observatori TIAMAT estrena exposici\u00f3 en el Dia Mundial del Medi Ambient"},"content":{"rendered":"<p>Amb motiu del Dia Mundial del Medi Ambient (5 de juny), l\u2019Observatori mar\u00ed del canvi global a la Xarxa de Parcs Nacionals (Observatori TIAMAT) presenta la seva nova exposici\u00f3 modular als centres de visitants de Cabrera, Islas Atl\u00e1nticas de Galicia i Do\u00f1ana.<\/p>\n<p>La mostra, dissenyada amb criteris de sostenibilitat i accessibilitat, ofereix un recorregut interactiu pels ecosistemes marins d\u2019aquests tres Parcs Nacionals, combinant continguts cient\u00edfics, visuals i participatius. Panells divulgatius, v\u00eddeos explicatius, materials educatius i un <em>photocall<\/em> ambientat en cada entorn natural formen part d\u2019aquesta proposta que convida a reflexionar sobre els efectes del canvi global i la import\u00e0ncia de la seva monitoritzaci\u00f3 mitjan\u00e7ant eines cient\u00edfiques com la teledetecci\u00f3 marina.<\/p>\n<p>Aquesta iniciativa s\u2019emmarca en el projecte Observatori TIAMAT, coordinat per l\u2019<span style=\"font-weight: 400;\">Instituto de Ciencias Marinas de Andaluc\u00eda (<\/span><a href=\"https:\/\/www.icman.csic.es\/\" target=\"_blank\" rel=\"noopener\"><span style=\"font-weight: 400;\">ICMAN-CSIC<\/span><\/a><span style=\"font-weight: 400;\">)<\/span>, el Sistema d\u2019Observaci\u00f3 i Predicci\u00f3 Costaner de les Illes Balears (<a href=\"https:\/\/www.socib.es\/ca\" target=\"_blank\" rel=\"noopener\">ICTS SOCIB<\/a>) i l\u2019<span style=\"font-weight: 400;\">Instituto de Investigaciones Marinas de Vigo (<\/span><a href=\"https:\/\/www.iim.csic.es\/es\/node\/2156\" target=\"_blank\" rel=\"noopener\"><span style=\"font-weight: 400;\">IIM-CSIC<\/span><\/a><span style=\"font-weight: 400;\">)<\/span>, amb finan\u00e7ament de l\u2019Organisme Aut\u00f2nom Parcs Nacionals.<\/p>\n<h6>Qu\u00e8 \u00e9s l\u2019Observatori TIAMAT<\/h6>\n<p>L\u2019Observatori TIAMAT \u00e9s una iniciativa cient\u00edfica que empra imatges satel\u00b7lit\u00e0ries des de 1982 i t\u00e8cniques de teledetecci\u00f3 per desenvolupar eines de seguiment i alerta primerenca davant esdeveniments oce\u00e0nics extrems, com les onades de calor marines. La seva tasca se centra en la monitoritzaci\u00f3 cont\u00ednua de variables clau \u2014com la temperatura del mar o el nivell de l\u2019aigua\u2014 en tres espais protegits: Cabrera, <span style=\"font-weight: 400;\">Islas Atl\u00e1nticas de Galicia<\/span> i el front mar\u00ed de Do\u00f1ana. TIAMAT ofereix les seves <a href=\"https:\/\/www.observatoriotiamat.es\/ca\/eines\/\" target=\"_blank\" rel=\"noopener\">dades en acc\u00e9s obert<\/a> per afavorir una gesti\u00f3 sostenible, contribuir a la conservaci\u00f3 de la biodiversitat i donar suport a l\u2019equilibri socioecon\u00f2mic d\u2019aquests ecosistemes.<\/p>\n<h6>Ubicacions de l\u2019exposici\u00f3<\/h6>\n<ul>\n<li style=\"font-weight: 400;\" aria-level=\"1\"><span style=\"font-weight: 400;\">Centre d&#8217;Interpretaci\u00f3 del Parc Nacional Maritimoterrestre de l\u2019Arxip\u00e8lag de Cabrera (Col\u00f2nia de Sant Jordi, Mallorca).\u00a0<\/span><\/li>\n<li style=\"font-weight: 400;\" aria-level=\"1\"><span style=\"font-weight: 400;\">Centro de Visitantes del Parque Nacional Mar\u00edtimo-Terrestre de las Islas Atl\u00e1nticas de Galicia (Vigo, Pontevedra).\u00a0<\/span><\/li>\n<li style=\"font-weight: 400;\" aria-level=\"1\"><span style=\"font-weight: 400;\">Centro de Visitantes F\u00e1brica de Hielo del Parque Nacional de Do\u00f1ana (Sanl\u00facar de Barrameda, C\u00e1diz).<\/span><\/li>\n<\/ul>\n<p><a href=\"https:\/\/www.observatoriotiamat.es\/ca\/recursos-educativos\/\" target=\"_blank\" rel=\"noopener\">M\u00e9s informaci\u00f3 i recursos educatius.<\/a><\/p>\n","protected":false},"excerpt":{"rendered":"<p>L\u2019Observatori TIAMAT inaugura la seva nova exposici\u00f3 modular a Cabrera, Islas Atl\u00e1nticas de Galicia i Do\u00f1ana pel Dia Mundial del Medi Ambient.<\/p>\n","protected":false},"author":4,"featured_media":6585,"comment_status":"closed","ping_status":"closed","sticky":false,"template":"","format":"standard","meta":{"_acf_changed":false,"footnotes":""},"categories":[28],"tags":[65,66,85,68,67,69,64,88,89,63],"class_list":["post-6592","post","type-post","status-publish","format-standard","has-post-thumbnail","hentry","category-tiamat-ca","tag-cambio-climatico-ca","tag-cambio-global-ca","tag-divulgacion-ca","tag-icman-csic-ca","tag-icts-socib-ca","tag-iim-ca","tag-observatorio-marino-ca","tag-parques-nacionales-ca","tag-recursos-educativos-ca","tag-tiamat-ca"],"acf":[],"_links":{"self":[{"href":"https:\/\/www.observatoriotiamat.es\/ca\/wp-json\/wp\/v2\/posts\/6592","targetHints":{"allow":["GET"]}}],"collection":[{"href":"https:\/\/www.observatoriotiamat.es\/ca\/wp-json\/wp\/v2\/posts"}],"about":[{"href":"https:\/\/www.observatoriotiamat.es\/ca\/wp-json\/wp\/v2\/types\/post"}],"author":[{"embeddable":true,"href":"https:\/\/www.observatoriotiamat.es\/ca\/wp-json\/wp\/v2\/users\/4"}],"replies":[{"embeddable":true,"href":"https:\/\/www.observatoriotiamat.es\/ca\/wp-json\/wp\/v2\/comments?post=6592"}],"version-history":[{"count":4,"href":"https:\/\/www.observatoriotiamat.es\/ca\/wp-json\/wp\/v2\/posts\/6592\/revisions"}],"predecessor-version":[{"id":6601,"href":"https:\/\/www.observatoriotiamat.es\/ca\/wp-json\/wp\/v2\/posts\/6592\/revisions\/6601"}],"wp:featuredmedia":[{"embeddable":true,"href":"https:\/\/www.observatoriotiamat.es\/ca\/wp-json\/wp\/v2\/media\/6585"}],"wp:attachment":[{"href":"https:\/\/www.observatoriotiamat.es\/ca\/wp-json\/wp\/v2\/media?parent=6592"}],"wp:term":[{"taxonomy":"category","embeddable":true,"href":"https:\/\/www.observatoriotiamat.es\/ca\/wp-json\/wp\/v2\/categories?post=6592"},{"taxonomy":"post_tag","embeddable":true,"href":"https:\/\/www.observatoriotiamat.es\/ca\/wp-json\/wp\/v2\/tags?post=6592"}],"curies":[{"name":"wp","href":"https:\/\/api.w.org\/{rel}","templated":true}]}}