{"id":6566,"date":"2025-02-24T14:56:27","date_gmt":"2025-02-24T12:56:27","guid":{"rendered":"https:\/\/www.observatoriotiamat.es\/?p=6566"},"modified":"2025-02-24T15:39:54","modified_gmt":"2025-02-24T13:39:54","slug":"olas-calor-marinas-2024","status":"publish","type":"post","link":"https:\/\/www.observatoriotiamat.es\/gl\/olas-calor-marinas-2024\/","title":{"rendered":"Analizando las olas de calor marinas en 2024 con el Observatorio TIAMAT"},"content":{"rendered":"<p><span style=\"font-weight: 400;\">El <\/span><a href=\"https:\/\/www.observatoriotiamat.es\/\" target=\"_blank\" rel=\"noopener\"><span style=\"font-weight: 400;\">Observatorio TIAMAT<\/span><\/a><span style=\"font-weight: 400;\">, como herramienta clave para monitorizar el impacto del cambio global en los Parques Nacionales Mar\u00edtimo-Terrestres de Espa\u00f1a, se centra en fen\u00f3menos cr\u00edticos como las olas de calor marinas. Estos eventos, definidos como periodos de temperaturas oce\u00e1nicas anormalmente altas y prolongadas, representan una amenaza significativa para la biodiversidad, los ecosistemas marinos y las actividades humanas asociadas a estas \u00e1reas protegidas.<\/span><\/p>\n<p><span style=\"font-weight: 400;\">Gracias a los datos satelitales disponibles desde 1982 y al procesamiento avanzado de <\/span><a href=\"https:\/\/www.observatoriotiamat.es\/herramientas-tiamat-variables-indicadores-oceano\/\" target=\"_blank\" rel=\"noopener\"><span style=\"font-weight: 400;\">variables oce\u00e1nicas esenciales (EOVs)<\/span><\/a><span style=\"font-weight: 400;\">,<\/span><span style=\"font-weight: 400;\"> las <\/span><a href=\"https:\/\/apps.socib.es\/observatoriotiamat\/\" target=\"_blank\" rel=\"noopener\"><span style=\"font-weight: 400;\">herramientas de acceso abierto y gratuito<\/span><\/a><span style=\"font-weight: 400;\"> del Observatorio TIAMAT permiten un seguimiento continuo y detallado de las olas de calor marinas en el <\/span><a href=\"https:\/\/apps.socib.es\/observatoriotiamat\/cabrera\/\" target=\"_blank\" rel=\"noopener\"><span style=\"font-weight: 400;\">Parque Nacional Mar\u00edtimo-Terrestre del Archipi\u00e9lago de Cabrera<\/span><\/a><span style=\"font-weight: 400;\">, el <\/span><a href=\"https:\/\/apps.socib.es\/observatoriotiamat\/islas-atlanticas\/\" target=\"_blank\" rel=\"noopener\"><span style=\"font-weight: 400;\">Parque Nacional Mar\u00edtimo-Terrestre de las Islas Atl\u00e1nticas de Galicia<\/span><\/a><span style=\"font-weight: 400;\">, as\u00ed como en la <\/span><a href=\"https:\/\/apps.socib.es\/observatoriotiamat\/donana\/\" target=\"_blank\" rel=\"noopener\"><span style=\"font-weight: 400;\">zona del frente marino del Parque Nacional de Do\u00f1ana<\/span><\/a><span style=\"font-weight: 400;\">.\u00a0<\/span><\/p>\n<p><b>Impacto del calentamiento global en las olas de calor marinas<\/b><\/p>\n<p><span style=\"font-weight: 400;\">Las herramientas muestran como, tras los r\u00e9cords hist\u00f3ricos de temperatura en el oc\u00e9ano global en 2022 (<\/span><a href=\"https:\/\/doi.org\/10.1007\/s00376-023-2385-2\" target=\"_blank\" rel=\"noopener\"><span style=\"font-weight: 400;\">Cheng et al., 2023<\/span><\/a><span style=\"font-weight: 400;\">) y 2023 (<\/span><a href=\"https:\/\/climate.copernicus.eu\/global-climate-highlights-2023\" target=\"_blank\" rel=\"noopener\"><i><span style=\"font-weight: 400;\">Copernicus Global Climate Highlights<\/span><\/i><span style=\"font-weight: 400;\">, 2023<\/span><\/a><span style=\"font-weight: 400;\">), el calentamiento\u00a0 global contin\u00faa afectando el estado y la variabilidad del oc\u00e9ano. En 2024, el Mediterr\u00e1neo ha experimentado un a\u00f1o excepcional, alcanzando r\u00e9cords tanto en las temperaturas promedio globales del aire en superficie como en la temperatura media de la superficie del mar. Estas temperaturas oce\u00e1nicas sin precedentes est\u00e1n vinculadas a olas de calor marinas en todo el mundo, especialmente en regiones costeras, como se\u00f1ala el informe <\/span><a href=\"https:\/\/climate.copernicus.eu\/global-climate-highlights-2024\" target=\"_blank\" rel=\"noopener\"><i><span style=\"font-weight: 400;\">Copernicus Global Climate Highlights 2024<\/span><\/i><\/a><span style=\"font-weight: 400;\">.<\/span><\/p>\n<p><span style=\"font-weight: 400;\">Este contexto ha llevado a un aumento tanto en la intensidad como en la frecuencia de las olas de calor marinas en los Parques Nacionales estudiados. Entre 1982 y 2024, los datos de TIAMAT revelan un incremento significativo en:<\/span><\/p>\n<ul>\n<li style=\"font-weight: 400;\" aria-level=\"1\"><span style=\"font-weight: 400;\">Intensidad m\u00e1xima: aumento de 0,40-0,51 \u00b0C por d\u00e9cada.<\/span><\/li>\n<li style=\"font-weight: 400;\" aria-level=\"1\"><span style=\"font-weight: 400;\">N\u00famero de d\u00edas totales con olas de calor marinas: incremento de 25-34 d\u00edas por d\u00e9cada.<\/span><\/li>\n<\/ul>\n<p><span style=\"font-weight: 400;\">En los \u00faltimos a\u00f1os, se han alcanzado cifras r\u00e9cord de d\u00edas anuales con olas de calor marinas:<\/span><\/p>\n<ul>\n<li style=\"font-weight: 400;\" aria-level=\"1\"><span style=\"font-weight: 400;\">Cabrera: 231 d\u00edas en 2022, 201 d\u00edas en 2023 y <\/span><b>206 d\u00edas en 2024<\/b><span style=\"font-weight: 400;\">.<\/span><\/li>\n<li style=\"font-weight: 400;\" aria-level=\"1\"><span style=\"font-weight: 400;\">Islas Atl\u00e1nticas de Galicia: 162 d\u00edas en 2022, 239 d\u00edas en 2023 y <\/span><b>173 d\u00edas en 2024<\/b><span style=\"font-weight: 400;\">.<\/span><\/li>\n<li style=\"font-weight: 400;\" aria-level=\"1\"><span style=\"font-weight: 400;\">Do\u00f1ana: 113 d\u00edas en 2022, 170 d\u00edas en 2023 y <\/span><b>137 d\u00edas en 2024<\/b><span style=\"font-weight: 400;\">.<\/span><\/li>\n<\/ul>\n<p><span style=\"font-weight: 400;\">Los tres Parques Nacionales de estudio se ven fuertemente afectados, con el mar Mediterr\u00e1neo experimentado un mayor n\u00famero de d\u00edas con temperaturas oce\u00e1nicas extremas en comparaci\u00f3n con las regiones del Atl\u00e1ntico.<\/span><\/p>\n<p><b>Un enfoque cient\u00edfico para la gesti\u00f3n sostenible<\/b><\/p>\n<p><span style=\"font-weight: 400;\">Los datos proporcionados por el Observatorio TIAMAT son fundamentales para identificar patrones y tendencias en las olas de calor marinas, ofreciendo informaci\u00f3n crucial para dise\u00f1ar estrategias de conservaci\u00f3n, mitigar los impactos en la biodiversidad y en los ecosistemas marinos e informar decisiones basadas en evidencia cient\u00edfica, orientadas hacia una gesti\u00f3n sostenible de los Parques Nacionales.<\/span><\/p>\n<p><span style=\"font-weight: 400;\">Estos resultados destacan la importancia de herramientas como TIAMAT para enfrentar los desaf\u00edos del cambio global en ecosistemas protegidos. Adem\u00e1s, subrayan la necesidad de colaboraci\u00f3n continua entre la comunidad cient\u00edfica y los gestores de parques, asegurando as\u00ed la conservaci\u00f3n de los sistemas naturales marinos en un contexto de cambio clim\u00e1tico.<\/span><\/p>\n<p><span style=\"font-weight: 400;\">El Observatorio TIAMAT es un proyecto coordinado por el Instituto de Ciencias Marinas de Andaluc\u00eda (<\/span><a href=\"https:\/\/www.icman.csic.es\/\" target=\"_blank\" rel=\"noopener\"><span style=\"font-weight: 400;\">ICMAN-CSIC<\/span><\/a><span style=\"font-weight: 400;\">), el Sistema de Observaci\u00f3n y Predicci\u00f3n Costero de las Illes Balears (<\/span><a href=\"https:\/\/www.socib.es\/?language=es_ES\" target=\"_blank\" rel=\"noopener\"><span style=\"font-weight: 400;\">ICTS SOCIB<\/span><\/a><span style=\"font-weight: 400;\">) y el Instituto de Investigaciones Marinas de Vigo (<\/span><a href=\"https:\/\/iim.csic.es\/es\" target=\"_blank\" rel=\"noopener\"><span style=\"font-weight: 400;\">IIM-CSIC<\/span><\/a><span style=\"font-weight: 400;\">).<\/span><\/p>\n<p>Figura: Mapa en 2024 de d\u00edas totales de olas de calor marinas. Observatorio TIAMAT &#8211; Cabrera.<\/p>\n","protected":false},"excerpt":{"rendered":"<p>El Observatorio TIAMAT se centra en fen\u00f3menos cr\u00edticos como las olas de calor marinas.<\/p>\n","protected":false},"author":4,"featured_media":6561,"comment_status":"closed","ping_status":"closed","sticky":false,"template":"","format":"standard","meta":{"_acf_changed":false,"footnotes":""},"categories":[29],"tags":[59,60,57,55,56,61,84,62],"class_list":["post-6566","post","type-post","status-publish","format-standard","has-post-thumbnail","hentry","category-tiamat-gl","tag-cambio-climatico-gl","tag-cambio-global-gl","tag-icman-csic-gl","tag-icts-socib-gl","tag-iim-gl","tag-observatorio-marino-gl","tag-parques-nacionales-gl","tag-tiamat-gl"],"acf":[],"_links":{"self":[{"href":"https:\/\/www.observatoriotiamat.es\/gl\/wp-json\/wp\/v2\/posts\/6566","targetHints":{"allow":["GET"]}}],"collection":[{"href":"https:\/\/www.observatoriotiamat.es\/gl\/wp-json\/wp\/v2\/posts"}],"about":[{"href":"https:\/\/www.observatoriotiamat.es\/gl\/wp-json\/wp\/v2\/types\/post"}],"author":[{"embeddable":true,"href":"https:\/\/www.observatoriotiamat.es\/gl\/wp-json\/wp\/v2\/users\/4"}],"replies":[{"embeddable":true,"href":"https:\/\/www.observatoriotiamat.es\/gl\/wp-json\/wp\/v2\/comments?post=6566"}],"version-history":[{"count":1,"href":"https:\/\/www.observatoriotiamat.es\/gl\/wp-json\/wp\/v2\/posts\/6566\/revisions"}],"predecessor-version":[{"id":6567,"href":"https:\/\/www.observatoriotiamat.es\/gl\/wp-json\/wp\/v2\/posts\/6566\/revisions\/6567"}],"wp:featuredmedia":[{"embeddable":true,"href":"https:\/\/www.observatoriotiamat.es\/gl\/wp-json\/wp\/v2\/media\/6561"}],"wp:attachment":[{"href":"https:\/\/www.observatoriotiamat.es\/gl\/wp-json\/wp\/v2\/media?parent=6566"}],"wp:term":[{"taxonomy":"category","embeddable":true,"href":"https:\/\/www.observatoriotiamat.es\/gl\/wp-json\/wp\/v2\/categories?post=6566"},{"taxonomy":"post_tag","embeddable":true,"href":"https:\/\/www.observatoriotiamat.es\/gl\/wp-json\/wp\/v2\/tags?post=6566"}],"curies":[{"name":"wp","href":"https:\/\/api.w.org\/{rel}","templated":true}]}}