{"id":6589,"date":"2025-06-05T10:52:06","date_gmt":"2025-06-05T08:52:06","guid":{"rendered":"https:\/\/www.observatoriotiamat.es\/?p=6589"},"modified":"2025-06-05T11:15:47","modified_gmt":"2025-06-05T09:15:47","slug":"exposicion-dia-medio-ambiente","status":"publish","type":"post","link":"https:\/\/www.observatoriotiamat.es\/gl\/exposicion-dia-medio-ambiente\/","title":{"rendered":"El Observatorio TIAMAT estrena exposici\u00f3n en el D\u00eda Mundial del Medio Ambiente"},"content":{"rendered":"<p><span style=\"font-weight: 400;\">Con motivo del D\u00eda Mundial del Medio Ambiente (5 de junio), el Observatorio marino del cambio global en la Red de Parques Nacionales (Observatorio TIAMAT) presenta su nueva exposici\u00f3n modular en los centros de visitantes de Cabrera, Islas Atl\u00e1nticas de Galicia y Do\u00f1ana.\u00a0<\/span><\/p>\n<p><span style=\"font-weight: 400;\">La muestra, dise\u00f1ada con criterios de sostenibilidad y accesibilidad, ofrece un recorrido interactivo por los ecosistemas marinos de estos tres Parques Nacionales, combinando contenidos cient\u00edficos, visuales y participativos. Paneles divulgativos, v\u00eddeos explicativos, materiales educativos y un <em>photocall<\/em> ambientado en cada entorno natural forman parte de esta propuesta que invita a reflexionar sobre los efectos del cambio global y la importancia de su monitorizaci\u00f3n mediante herramientas cient\u00edficas como la teledetecci\u00f3n marina.\u00a0<\/span><\/p>\n<p><span style=\"font-weight: 400;\">Esta iniciativa se enmarca en el proyecto Observatorio TIAMAT, coordinado por el Instituto de Ciencias Marinas de Andaluc\u00eda (<\/span><a href=\"https:\/\/www.icman.csic.es\/\" target=\"_blank\" rel=\"noopener\"><span style=\"font-weight: 400;\">ICMAN-CSIC<\/span><\/a><span style=\"font-weight: 400;\">), el Sistema de Observaci\u00f3n y Predicci\u00f3n Costero de las Illes Balears (<\/span><a href=\"https:\/\/www.socib.es\/\" target=\"_blank\" rel=\"noopener\"><span style=\"font-weight: 400;\">ICTS SOCIB<\/span><\/a><span style=\"font-weight: 400;\">) y el Instituto de Investigaciones Marinas de Vigo (<\/span><a href=\"https:\/\/www.iim.csic.es\/es\/node\/2156\" target=\"_blank\" rel=\"noopener\"><span style=\"font-weight: 400;\">IIM-CSIC<\/span><\/a><span style=\"font-weight: 400;\">), con financiaci\u00f3n del Organismo Aut\u00f3nomo Parques Nacionales.\u00a0<\/span><\/p>\n<h6><b>Qu\u00e9 es el Observatorio TIAMAT<\/b><\/h6>\n<p><span style=\"font-weight: 400;\">El Observatorio TIAMAT es una iniciativa cient\u00edfica que emplea im\u00e1genes satelitales desde 1982 y t\u00e9cnicas de teledetecci\u00f3n para desarrollar herramientas de seguimiento y alerta temprana frente a eventos oce\u00e1nicos extremos, como olas de calor marinas. Su labor se centra en la monitorizaci\u00f3n continua de variables clave \u2014como la temperatura del mar o el nivel del agua\u2014 en tres espacios protegidos: Cabrera, Islas Atl\u00e1nticas de Galicia y el frente marino de Do\u00f1ana. TIAMAT ofrece sus <\/span><a href=\"https:\/\/www.observatoriotiamat.es\/gl\/ferramentas\/\" target=\"_blank\" rel=\"noopener\"><span style=\"font-weight: 400;\">datos en acceso abierto<\/span><\/a><span style=\"font-weight: 400;\"> para favorecer una gesti\u00f3n sostenible, contribuir a la conservaci\u00f3n de la biodiversidad y apoyar el equilibrio socioecon\u00f3mico de estos ecosistemas.\u00a0<\/span><\/p>\n<h6><b>Ubicaciones de la exposici\u00f3n<\/b><\/h6>\n<ul>\n<li style=\"font-weight: 400;\" aria-level=\"1\"><span style=\"font-weight: 400;\">Centro de Interpretaci\u00f3n del Parque Nacional Mar\u00edtimo-Terrestre del Archipi\u00e9lago de Cabrera\u00a0(Col\u00f2nia de Sant Jordi, Mallorca).\u00a0<\/span><\/li>\n<li style=\"font-weight: 400;\" aria-level=\"1\"><span style=\"font-weight: 400;\">Centro de Visitantes del Parque Nacional Mar\u00edtimo-Terrestre de las Islas Atl\u00e1nticas de Galicia (Vigo, Pontevedra).\u00a0<\/span><\/li>\n<li style=\"font-weight: 400;\" aria-level=\"1\"><span style=\"font-weight: 400;\">Centro de Visitantes F\u00e1brica de Hielo del Parque Nacional de Do\u00f1ana (Sanl\u00facar de Barrameda, C\u00e1diz).<\/span><\/li>\n<\/ul>\n<p><span style=\"font-weight: 400;\"><a href=\"https:\/\/www.observatoriotiamat.es\/gl\/recursos-educativos\/\" target=\"_blank\" rel=\"noopener\">M\u00e1s informaci\u00f3n y recursos educativos<\/a>.<\/span><\/p>\n","protected":false},"excerpt":{"rendered":"<p>El Observatorio TIAMAT inaugura su nueva exposici\u00f3n modular en Cabrera, Islas Atl\u00e1nticas de Galicia y Do\u00f1ana por el D\u00eda Mundial del Medio Ambiente.<\/p>\n","protected":false},"author":4,"featured_media":6586,"comment_status":"closed","ping_status":"closed","sticky":false,"template":"","format":"standard","meta":{"_acf_changed":false,"footnotes":""},"categories":[29],"tags":[59,60,80,57,55,56,61,84,83,62],"class_list":["post-6589","post","type-post","status-publish","format-standard","has-post-thumbnail","hentry","category-tiamat-gl","tag-cambio-climatico-gl","tag-cambio-global-gl","tag-divulgacion-gl","tag-icman-csic-gl","tag-icts-socib-gl","tag-iim-gl","tag-observatorio-marino-gl","tag-parques-nacionales-gl","tag-recursos-educativos-gl","tag-tiamat-gl"],"acf":[],"_links":{"self":[{"href":"https:\/\/www.observatoriotiamat.es\/gl\/wp-json\/wp\/v2\/posts\/6589","targetHints":{"allow":["GET"]}}],"collection":[{"href":"https:\/\/www.observatoriotiamat.es\/gl\/wp-json\/wp\/v2\/posts"}],"about":[{"href":"https:\/\/www.observatoriotiamat.es\/gl\/wp-json\/wp\/v2\/types\/post"}],"author":[{"embeddable":true,"href":"https:\/\/www.observatoriotiamat.es\/gl\/wp-json\/wp\/v2\/users\/4"}],"replies":[{"embeddable":true,"href":"https:\/\/www.observatoriotiamat.es\/gl\/wp-json\/wp\/v2\/comments?post=6589"}],"version-history":[{"count":2,"href":"https:\/\/www.observatoriotiamat.es\/gl\/wp-json\/wp\/v2\/posts\/6589\/revisions"}],"predecessor-version":[{"id":6599,"href":"https:\/\/www.observatoriotiamat.es\/gl\/wp-json\/wp\/v2\/posts\/6589\/revisions\/6599"}],"wp:featuredmedia":[{"embeddable":true,"href":"https:\/\/www.observatoriotiamat.es\/gl\/wp-json\/wp\/v2\/media\/6586"}],"wp:attachment":[{"href":"https:\/\/www.observatoriotiamat.es\/gl\/wp-json\/wp\/v2\/media?parent=6589"}],"wp:term":[{"taxonomy":"category","embeddable":true,"href":"https:\/\/www.observatoriotiamat.es\/gl\/wp-json\/wp\/v2\/categories?post=6589"},{"taxonomy":"post_tag","embeddable":true,"href":"https:\/\/www.observatoriotiamat.es\/gl\/wp-json\/wp\/v2\/tags?post=6589"}],"curies":[{"name":"wp","href":"https:\/\/api.w.org\/{rel}","templated":true}]}}